{"id":100,"date":"2025-11-03T18:04:54","date_gmt":"2025-11-03T17:04:54","guid":{"rendered":"https:\/\/fundacjawybieramkobiety.org\/?p=100"},"modified":"2025-12-09T11:34:32","modified_gmt":"2025-12-09T10:34:32","slug":"konferencja-kobiece-horyzonty","status":"publish","type":"post","link":"https:\/\/fundacjawybieramkobiety.org\/?p=100","title":{"rendered":"Program: Konferencja Kobiece Horyzonty, Mi\u0119dzynarodowy Dzie\u0144 Przedsi\u0119biorczo\u015bci Kobiet"},"content":{"rendered":"<h2><span style=\"color: #ff0000;\"><strong><a style=\"color: #ff0000;\" href=\"https:\/\/butik.hoteltraugutta3.pl\/pl\/p\/KOBIECE-HORYZONTY.-MIEDZYNARODOWY-DZIEN-PRZEDSIEBIORCZOSCI-KOBIET\/247?fbclid=IwY2xjawN4fudleHRuA2FlbQIxMABicmlkETFnSTNQWjBXcHhqQUxvck9uc3J0YwZhcHBfaWQQMjIyMDM5MTc4ODIwMDg5MgABHp8ZBlMi1BjUwSH1pOJ7RpW4i1BTOJAMDimMJJQgL8-4NjZVlSX7v37VjCIi_aem_Cq58AWMIx6PEGZDkwrNNfw\">KUP BILET<\/a><\/strong><\/span><\/h2>\n<p><strong><br \/>\n<span style=\"color: #000080;\">19 listopada 2025 r.<\/span><\/strong><br \/>\n<span style=\"color: #000080;\">miejsce: <a style=\"color: #000080;\" href=\"https:\/\/www.hoteltraugutta3.pl\/aktualnosci\">Hotel Traugutta 3, Bia\u0142ystok<\/a><\/span><\/p>\n<p>14:00 \u2013 15:00<br \/>\n<em>rejestracja<\/em><\/p>\n<p>15:00 \u2013 15:05<br \/>\n<strong>Otwarcie spotkania \u2013 cele Fundacji Wybieram Kobiety i idea wydarzenia<\/strong><strong>\u00a0<\/strong><\/p>\n<p>15:05\u2013 15:20\u00a0<strong><br \/>\nG\u0142os i wsparcie polskich przedsi\u0119biorc\u00f3w &#8211; ponad 25 lat dzia\u0142alno\u015bci Konfederacji Lewiatan. Rola Konfederacji Lewiatan w reprezentowaniu interes\u00f3w biznesu, wspieraniu dialogu spo\u0142ecznego i kszta\u0142towaniu otoczenia przyjaznego dla przedsi\u0119biorc\u00f3w<em> \u2013 <\/em><\/strong>Agnieszka Siedlecka-Andrychowicz, Dyrektorka S\u0105du Arbitra\u017cowego przy Konfederacji Lewiatan<\/p>\n<p>15:20 \u2013 15:35<br \/>\n<strong>Krajowy system eFaktur, jak si\u0119 przygotowa\u0107 do rewolucji w fakturowaniu. <\/strong>&#8211;\u00a0Jacek Juszkiewicz,\u00a0Zast\u0119pca Naczelnika I Urz\u0105d Skarbowy w Bia\u0142ymstoku<\/p>\n<p>15:35 \u2013 15:50<br \/>\n<strong>Jak od\u017cywia\u0107 m\u00f3zg, by d\u0142u\u017cej pozosta\u0142 m\u0142ody \u2013 perspektywa naukowczyni i wsp\u00f3\u0142tw\u00f3rczyni marki NutriRate<\/strong> \u2013 dr hab. Sylwia Naliwajko<\/p>\n<p>15:50 -16:10<br \/>\n<strong>Pierwsza linia obrony: Jak chroni\u0107 firm\u0119 i samorz\u0105d przed wywiadem obcych pa\u0144stw? Wskaz\u00f3wki do praktycznych szkole\u0144 z zagro\u017ce\u0144 hybrydowych dla firm i podmiot\u00f3w samorz\u0105dowych <\/strong>&#8211; mjr Anna Grabowska \u2013 Siwiec<\/p>\n<p>16:10 \u2013 16.25<br \/>\n<strong>Sukcesja w biznesie. Jak zabezpieczy\u0107 swoje interesy w procesie przekazywania w\u0142adzy i maj\u0105tku? \u2013 <\/strong>radca prawny, dr hab. Jerzy Bieluk<\/p>\n<p>16:25\u2013 16:40<br \/>\n<strong>Zatrudnianie kobiet \u2013 to si\u0119 op\u0142aca<\/strong> \u2013 przedstawiciel Pa\u0144stwowej Inspekcji Pracy<\/p>\n<p>16:40 \u2013 16:55<br \/>\n<strong>Innowacyjno\u015b\u0107 to nie wynalazczo\u015b\u0107! Jak powinni\u015bmy podchodzi\u0107 do innowacyjno\u015bci? <\/strong>&#8211; Andrzej Parafiniuk, Prezes Zarz\u0105du, Podlaski Fundusz Ekosystem Dolina Rolnicza 4.0<\/p>\n<p><em>16:55 \u2013 17: 20 przerwa kawowa\u00a0<\/em><\/p>\n<p>17:20 \u2013 17:35<br \/>\n<strong>Pakiet emerytalny \u2013 we\u017a sprawy w swoje r\u0119ce<\/strong> \u2013Karolina Leszczuk, PKO Bank Polski<\/p>\n<p>17:35 \u2013 18:20<br \/>\n<strong>Nie pytaj, czy si\u0119 da \u2013 zapytaj jak to zrobi\u0107. Kobiety w drodze do biznesowego sukcesu <\/strong>Katarzyna Rutkowska \u2013 p.o. Prezes Zarz\u0105du AC S.A., Magdalena Godlewska &#8211; Prezes Zarz\u0105du Biazet S.A., Anna Naszkiewicz &#8211; Wiceprezes Zarz\u0105du \u00a0SSSE S.A.<br \/>\nprowadzenie Katarzyna Zadykowicz, Prezeska Fundacji Wybieram Kobiety<\/p>\n<p>18:20 \u2013 18:35<br \/>\n<strong>Wsparcie biznesu z Funduszy Europejskich<\/strong>\u00a0\u2013\u00a0Aneta Zieli\u0144ska \u2013 Sroka, Polska Agencja Rozwoju Przedsi\u0119biorczo\u015bci<\/p>\n<p>18:35 \u2013 18:45<br \/>\n<strong>Si\u0142a po\u0142\u0105cze\u0144 \u2013 rola organizacji biznesowych w budowaniu sieci kontakt\u00f3w<br \/>\n<\/strong>Jaros\u0142aw Antychowicz, Prezes Izby Przemys\u0142owo-Handlowej w Bia\u0142ymstoku<\/p>\n<p>18:45 \u2013 19:00<br \/>\n<strong>Kobieca przedsi\u0119biorczo\u015b\u0107. O dzia\u0142alno\u015bci Podlaskiego Stowarzyszenia W\u0142a\u015bcicielek Firm \u2013\u00a0<\/strong>Ewa Kluczyk<\/p>\n<p>19:00 \u2013 19:45<br \/>\n<strong>&#8222;Batycka. Gorzki smak sukcesu&#8221;<\/strong> \u00a0rozmowa z Bo\u017cen\u0105 Batyck\u0105, prowadzenie Magdalena Kuszewska<\/p>\n<p><em>19:45 kolacja<\/em><\/p>\n<p><span style=\"font-size: 14pt;\"><strong>Partnerzy wydarzenia:<\/strong><\/span><\/p>\n<p><img loading=\"lazy\" decoding=\"async\" class=\"alignnone wp-image-189\" src=\"http:\/\/fundacjawybieramkobiety.org\/wp-content\/uploads\/2025\/11\/logo-300x189.jpg\" alt=\"\" width=\"179\" height=\"113\" \/><img loading=\"lazy\" decoding=\"async\" class=\"alignnone wp-image-194\" src=\"http:\/\/fundacjawybieramkobiety.org\/wp-content\/uploads\/2025\/11\/PKO-LOGO-RGB-291x300.jpg\" alt=\"\" width=\"126\" height=\"130\" srcset=\"https:\/\/fundacjawybieramkobiety.org\/wp-content\/uploads\/2025\/11\/PKO-LOGO-RGB-291x300.jpg 291w, https:\/\/fundacjawybieramkobiety.org\/wp-content\/uploads\/2025\/11\/PKO-LOGO-RGB.jpg 326w\" sizes=\"(max-width: 126px) 100vw, 126px\" \/><img loading=\"lazy\" decoding=\"async\" class=\"alignnone wp-image-229 size-full\" src=\"http:\/\/fundacjawybieramkobiety.org\/wp-content\/uploads\/2025\/11\/rect2460.png\" alt=\"\" width=\"895\" height=\"228\" srcset=\"http:\/\/fundacjawybieramkobiety.org\/wp-content\/uploads\/2025\/11\/rect2460.png 895w, http:\/\/fundacjawybieramkobiety.org\/wp-content\/uploads\/2025\/11\/rect2460-480x122.png 480w\" sizes=\"(min-width: 0px) and (max-width: 480px) 480px, (min-width: 481px) 895px, 100vw\" \/><\/p>\n<p><img loading=\"lazy\" decoding=\"async\" class=\"alignnone wp-image-51\" src=\"http:\/\/fundacjawybieramkobiety.org\/wp-content\/uploads\/2024\/02\/logo-pionowe-300x187.png\" alt=\"\" width=\"141\" height=\"88\" \/><img loading=\"lazy\" decoding=\"async\" class=\"alignnone size-medium wp-image-193\" src=\"http:\/\/fundacjawybieramkobiety.org\/wp-content\/uploads\/2025\/11\/Logo-poziome-PSI-SSSE-300x64.jpg\" alt=\"\" width=\"300\" height=\"64\" \/><img loading=\"lazy\" decoding=\"async\" class=\"alignnone wp-image-190\" src=\"http:\/\/fundacjawybieramkobiety.org\/wp-content\/uploads\/2025\/11\/BIT_logo_podstawowe_claim@2x-300x200.png\" alt=\"\" width=\"138\" height=\"92\" \/><img loading=\"lazy\" decoding=\"async\" class=\"alignnone wp-image-191\" src=\"http:\/\/fundacjawybieramkobiety.org\/wp-content\/uploads\/2025\/11\/4podlaskie_poziom_color-300x62.png\" alt=\"\" width=\"217\" height=\"45\" \/><img loading=\"lazy\" decoding=\"async\" class=\"alignnone wp-image-212\" src=\"http:\/\/fundacjawybieramkobiety.org\/wp-content\/uploads\/2025\/11\/Bialystok_logo_2020_PL_RGB-300x195.jpg\" alt=\"\" width=\"214\" height=\"139\" \/><img loading=\"lazy\" decoding=\"async\" class=\"alignnone size-full wp-image-72\" src=\"http:\/\/fundacjawybieramkobiety.org\/wp-content\/uploads\/2024\/03\/AC-logo.png\" alt=\"\" width=\"90\" height=\"78\" \/><img loading=\"lazy\" decoding=\"async\" class=\"alignnone wp-image-200\" src=\"http:\/\/fundacjawybieramkobiety.org\/wp-content\/uploads\/2025\/11\/PSWF_Black-300x300.png\" alt=\"\" width=\"155\" height=\"155\" \/><\/p>\n<p><img loading=\"lazy\" decoding=\"async\" class=\"alignnone size-medium wp-image-214\" src=\"http:\/\/fundacjawybieramkobiety.org\/wp-content\/uploads\/2025\/11\/PAIH-300x134.png\" alt=\"\" width=\"300\" height=\"134\" \/><\/p>\n<p>&nbsp;<\/p>\n<p>Patronat medialny:<\/p>\n<p><img loading=\"lazy\" decoding=\"async\" class=\"alignnone size-medium wp-image-208\" src=\"http:\/\/fundacjawybieramkobiety.org\/wp-content\/uploads\/2025\/11\/POLECA-NAM-300x69.jpg\" alt=\"\" width=\"300\" height=\"69\" \/><img loading=\"lazy\" decoding=\"async\" class=\"alignnone wp-image-209\" src=\"http:\/\/fundacjawybieramkobiety.org\/wp-content\/uploads\/2025\/11\/CMYK_sygnety_pl_kurier-poranny-300x87.jpg\" alt=\"\" width=\"231\" height=\"67\" \/><img loading=\"lazy\" decoding=\"async\" class=\"alignnone wp-image-210\" src=\"http:\/\/fundacjawybieramkobiety.org\/wp-content\/uploads\/2025\/11\/CMYK_sygnety_pl_gazeta-wspolczesna-300x67.jpg\" alt=\"\" width=\"260\" height=\"58\" \/><\/p>\n","protected":false},"excerpt":{"rendered":"<p>KUP BILET 19 listopada 2025 r. miejsce: Hotel Traugutta 3, Bia\u0142ystok 14:00 \u2013 15:00 rejestracja 15:00 \u2013 15:05 Otwarcie spotkania \u2013 cele Fundacji Wybieram Kobiety i idea wydarzenia\u00a0 15:05\u2013 15:20\u00a0 G\u0142os i wsparcie polskich przedsi\u0119biorc\u00f3w &#8211; ponad 25 lat dzia\u0142alno\u015bci Konfederacji Lewiatan. Rola Konfederacji Lewiatan w reprezentowaniu interes\u00f3w biznesu, wspieraniu dialogu spo\u0142ecznego i kszta\u0142towaniu otoczenia [&hellip;]<\/p>\n","protected":false},"author":2,"featured_media":195,"comment_status":"open","ping_status":"open","sticky":false,"template":"","format":"standard","meta":{"_et_pb_use_builder":"off","_et_pb_old_content":"","_et_gb_content_width":"","footnotes":""},"categories":[1],"tags":[],"class_list":["post-100","post","type-post","status-publish","format-standard","has-post-thumbnail","hentry","category-aktualnosci"],"_links":{"self":[{"href":"https:\/\/fundacjawybieramkobiety.org\/index.php?rest_route=\/wp\/v2\/posts\/100","targetHints":{"allow":["GET"]}}],"collection":[{"href":"https:\/\/fundacjawybieramkobiety.org\/index.php?rest_route=\/wp\/v2\/posts"}],"about":[{"href":"https:\/\/fundacjawybieramkobiety.org\/index.php?rest_route=\/wp\/v2\/types\/post"}],"author":[{"embeddable":true,"href":"https:\/\/fundacjawybieramkobiety.org\/index.php?rest_route=\/wp\/v2\/users\/2"}],"replies":[{"embeddable":true,"href":"https:\/\/fundacjawybieramkobiety.org\/index.php?rest_route=%2Fwp%2Fv2%2Fcomments&post=100"}],"version-history":[{"count":24,"href":"https:\/\/fundacjawybieramkobiety.org\/index.php?rest_route=\/wp\/v2\/posts\/100\/revisions"}],"predecessor-version":[{"id":238,"href":"https:\/\/fundacjawybieramkobiety.org\/index.php?rest_route=\/wp\/v2\/posts\/100\/revisions\/238"}],"wp:featuredmedia":[{"embeddable":true,"href":"https:\/\/fundacjawybieramkobiety.org\/index.php?rest_route=\/wp\/v2\/media\/195"}],"wp:attachment":[{"href":"https:\/\/fundacjawybieramkobiety.org\/index.php?rest_route=%2Fwp%2Fv2%2Fmedia&parent=100"}],"wp:term":[{"taxonomy":"category","embeddable":true,"href":"https:\/\/fundacjawybieramkobiety.org\/index.php?rest_route=%2Fwp%2Fv2%2Fcategories&post=100"},{"taxonomy":"post_tag","embeddable":true,"href":"https:\/\/fundacjawybieramkobiety.org\/index.php?rest_route=%2Fwp%2Fv2%2Ftags&post=100"}],"curies":[{"name":"wp","href":"https:\/\/api.w.org\/{rel}","templated":true}]}}